{"id":335954,"date":"2023-02-06T09:11:18","date_gmt":"2023-02-06T09:11:18","guid":{"rendered":"https:\/\/pereiraabogados.es\/?p=335954"},"modified":"2024-04-02T11:16:51","modified_gmt":"2024-04-02T11:16:51","slug":"5-guardias-civiles-se-sientan-en-el-banquillo","status":"publish","type":"post","link":"https:\/\/pereiraabogados.es\/en\/5-guardias-civiles-se-sientan-en-el-banquillo\/","title":{"rendered":"5 Guardias Civiles se sientan en el banquillo"},"content":{"rendered":"\n<p>De los 15 acusados, 5 de ellos Guardias Civiles, el \u00fanico acusado absuelto fue mi cliente. Juicio Audiencia Provincial de C\u00e1diz &#8211; Secci\u00f3n de Algeciras. El cabecilla Cabo de la Guardia Civil fue acusado de colaborar con las mafias de la droga y el tabaco. Entre los delitos por los que se les acusaba: delito de contrabando, delito de blanqueo de capitales, delito de omisi\u00f3n de perseguir delitos, delito de integraci\u00f3n organizaci\u00f3n criminal, delito de cohecho.<\/p>\n\n\n\n<p><a href=\"https:\/\/www.canalsur.es\/noticias\/andalucia\/cadiz\/juicio-a-cinco-guardias-civiles-acusados-de-montar-una-red-criminal-en-el-puerto-de-algeciras\/1899362.html\" target=\"_blank\" rel=\"noreferrer noopener nofollow\">Ver noticia<\/a><\/p>\n\n\n\n<p><\/p>\n\n\n\n<p><em>Imagen: <a href=\"https:\/\/www.canalsur.es\/noticias\/andalucia\/cadiz\/juicio-a-cinco-guardias-civiles-acusados-de-montar-una-red-criminal-en-el-puerto-de-algeciras\/1899362.html\" target=\"_blank\" rel=\"noreferrer noopener nofollow sponsored\">Foto extra\u00edda del v\u00eddeo del juicio, Canalsur.es<\/a><\/em><\/p>\n","protected":false},"excerpt":{"rendered":"<p>De los 15 acusados, 5 de ellos Guardias Civiles, el \u00fanico acusado absuelto fue mi cliente. Juicio Audiencia Provincial de C\u00e1diz &#8211; Secci\u00f3n de Algeciras. El cabecilla Cabo de la Guardia Civil fue acusado de colaborar con las mafias de la droga y el tabaco. Entre los delitos por los que se les acusaba: delito [&hellip;]<\/p>\n","protected":false},"author":1,"featured_media":335957,"comment_status":"closed","ping_status":"closed","sticky":false,"template":"","format":"standard","meta":{"_et_pb_use_builder":"off","_et_pb_old_content":"<!-- wp:paragraph -->\n<p>De los 15 acusados, 5 de ellos Guardias Civiles, el \u00fanico acusado absuelto fue mi cliente. Juicio Audiencia Provincial de C\u00e1diz - Secci\u00f3n de Algeciras. El cabecilla Cabo de la Guardia Civil fue acusado de colaborar con las mafias de la droga y el tabaco. Entre los delitos por los que se les acusaba: delito de contrabando, delito de blanqueo de capitales, delito de omisi\u00f3n de perseguir delitos, delito de integraci\u00f3n organizaci\u00f3n criminal, delito de cohecho.<\/p>\n<!-- \/wp:paragraph -->\n\n<!-- wp:paragraph -->\n<p><a href=\"https:\/\/www.canalsur.es\/noticias\/andalucia\/cadiz\/juicio-a-cinco-guardias-civiles-acusados-de-montar-una-red-criminal-en-el-puerto-de-algeciras\/1899362.html\" target=\"_blank\" rel=\"noreferrer noopener\">Ver noticia<\/a><\/p>\n<!-- \/wp:paragraph -->\n\n<!-- wp:paragraph -->\n<p><em>Imagen: <a href=\"https:\/\/www.canalsur.es\/noticias\/andalucia\/cadiz\/juicio-a-cinco-guardias-civiles-acusados-de-montar-una-red-criminal-en-el-puerto-de-algeciras\/1899362.html\" target=\"_blank\" rel=\"noreferrer noopener nofollow sponsored\">Foto extra\u00edda del v\u00eddeo del juicio, Canalsur.es<\/a><\/em><\/p>\n<!-- \/wp:paragraph -->","_et_gb_content_width":"","footnotes":""},"categories":[56,55],"tags":[60,57,61,59,58],"class_list":["post-335954","post","type-post","status-publish","format-standard","has-post-thumbnail","hentry","category-derecho-penal","category-home","tag-blanqueo-de-capitales","tag-contrabando","tag-organizacion-criminal","tag-penal","tag-trafico-de-drogas"],"_links":{"self":[{"href":"https:\/\/pereiraabogados.es\/en\/wp-json\/wp\/v2\/posts\/335954","targetHints":{"allow":["GET"]}}],"collection":[{"href":"https:\/\/pereiraabogados.es\/en\/wp-json\/wp\/v2\/posts"}],"about":[{"href":"https:\/\/pereiraabogados.es\/en\/wp-json\/wp\/v2\/types\/post"}],"author":[{"embeddable":true,"href":"https:\/\/pereiraabogados.es\/en\/wp-json\/wp\/v2\/users\/1"}],"replies":[{"embeddable":true,"href":"https:\/\/pereiraabogados.es\/en\/wp-json\/wp\/v2\/comments?post=335954"}],"version-history":[{"count":0,"href":"https:\/\/pereiraabogados.es\/en\/wp-json\/wp\/v2\/posts\/335954\/revisions"}],"wp:featuredmedia":[{"embeddable":true,"href":"https:\/\/pereiraabogados.es\/en\/wp-json\/wp\/v2\/media\/335957"}],"wp:attachment":[{"href":"https:\/\/pereiraabogados.es\/en\/wp-json\/wp\/v2\/media?parent=335954"}],"wp:term":[{"taxonomy":"category","embeddable":true,"href":"https:\/\/pereiraabogados.es\/en\/wp-json\/wp\/v2\/categories?post=335954"},{"taxonomy":"post_tag","embeddable":true,"href":"https:\/\/pereiraabogados.es\/en\/wp-json\/wp\/v2\/tags?post=335954"}],"curies":[{"name":"wp","href":"https:\/\/api.w.org\/{rel}","templated":true}]}}